{"id":2327,"date":"2022-10-10T12:14:29","date_gmt":"2022-10-10T12:14:29","guid":{"rendered":"https:\/\/www.iuf.li\/?p=2327"},"modified":"2023-07-26T11:21:05","modified_gmt":"2023-07-26T11:21:05","slug":"unternehmertum-im-wandel","status":"publish","type":"post","link":"https:\/\/www.iuf.li\/de\/publikationen\/unternehmertum-im-wandel\/","title":{"rendered":"Unternehmertum im Wandel"},"content":{"rendered":"\n<p><strong>K\u00fcrzlich wurde ich gefragt, wie sich Unternehmertum im Lauf der Zeit gewandelt hat? Meine Antwort war vielleicht nicht die, die sich mein Gegen\u00fcber erhoffte, denn Unternehmertum hat sich nicht wesentlich ver\u00e4ndert. Es befasst sich nach wie vor damit,  eine Marktnachfrage zu erkennen, Chancen zu pr\u00fcfen und durch Innovationskraft und Mut passende Produkte und Dienstleistungen hervorzubringen. Dass jemand aus \u00abProfitgier\u00bb Unternehmer wird, ist ein Trugschluss. Unternehmer setzen Kapital und Zeit  ein, um ein Unternehmen aufzubauen und weiterzuentwickeln. Sie scheuen sich nicht vor dem Wettbewerb mit anderen. Durch das pers\u00f6nliche Engagement sind sie am langfristigen Erfolg interessiert, nicht am kurzfristigen Gewinn.<\/strong><\/p>\n\n\n\n<p>Was sich \u00fcber die Zeit aber ver\u00e4ndert hat, sind die Rahmenbedingungen, in denen Unternehmertum stattfinden kann. Heute ist das Regulierungs-, Zentralisierungs- und Harmonisierungsgef\u00fcge so eng gekn\u00fcpft, dass es den unternehmerischen Wettbewerb  behindert und Innovation erschwert. Wettbewerb ist der Motor f\u00fcr Verbesserungen und Innovation, eine Vielzahl von mittelst\u00e4ndischen Unternehmen die Grundlage f\u00fcr eine florierende Volkswirtschaft. Von politischen und supranationalen Organisationen  wird dies leider nicht verstanden. Unternehmer und B\u00fcrger werden zu reinen Abgabesubstraten degradiert.<\/p>\n\n\n\n<p>Doch Unternehmer zeichnen sich auch aus durch eine positive Einstellung und langfristiges Denken. Sie bieten vielen Widrigkeiten die Stirn. Gerade Familienunternehmen steigern ihre Produktivit\u00e4t, unterst\u00fctzt durch die Digitalisierung. Aber auch dem sind  Grenzen gesetzt. Westliche Demokratien sollten sich in Acht nehmen, dass sie nicht die Gans, die goldene Eier legt, schlachten, indem sie die unternehmerische Schaffenskraft zunichtemachen. <\/p>\n\n\n\n<p>Ein Kernelement langfristigen Unternehmertums bildet die bewusste Nachfolgeplanung. Einerseits wird damit bei der j\u00fcngeren Generation das Zugeh\u00f6rigkeitsgef\u00fchl und Verantwortungsbewusstsein gest\u00e4rkt, andererseits die Zukunft f\u00fcr das Verm\u00f6gen und Unternehmen identifiziert. Wie eine Nachfolgeplanung gelingt, erfahren Sie im Beitrag \u00abGouverner, c\u2019est pr\u00e9voir\u00bb.<\/p>\n\n\n\n<p>In diesem Sinne freue ich mich sehr, mit dieser Ausgabe bekannt geben zu k\u00f6nnen, dass wir bei Industrie- und Finanzkontor die Nachfolge geregelt haben und Prinzessin Gisela die operative Leitung per Anfang 2022 \u00fcbernommen hat. Im folgenden Interview erhalten Sie einen ersten Eindruck von Prinzessin Gisela. Graf Francis von Seilern-Aspang und ich sind in  unserer Rolle als gesch\u00e4ftsf\u00fchrende Verwaltungsr\u00e4te weiterhin in der Kundenbetreuung aktiv und unterst\u00fctzen das F\u00fchrungsteam auf strategischer Ebene.<\/p>\n\n\n\n<p><strong>Michael von Liechtenstein . Gesch\u00e4ftsf\u00fchrender Verwaltungsratspr\u00e4sident<\/strong><\/p>\n","protected":false},"excerpt":{"rendered":"<p>K\u00fcrzlich wurde ich gefragt, wie sich Unternehmertum im Lauf der Zeit gewandelt hat? Meine Antwort war vielleicht nicht die, die sich mein Gegen\u00fcber erhoffte, denn Unternehmertum hat sich nicht wesentlich ver\u00e4ndert. Es befasst sich nach wie vor damit, eine Marktnachfrage zu erkennen, Chancen zu pr\u00fcfen und durch Innovationskraft und Mut passende Produkte und Dienstleistungen hervorzubringen.\u2026<\/p>\n","protected":false},"author":4,"featured_media":0,"comment_status":"closed","ping_status":"closed","sticky":false,"template":"","format":"standard","meta":{"_acf_changed":false,"_seopress_robots_primary_cat":"none","_seopress_titles_title":"Unternehmertum im Wandel - Prinz Michael von und zu Liechtenstein","_seopress_titles_desc":"K\u00fcrzlich wurde ich gefragt, wie sich Unternehmertum im Lauf der Zeit gewandelt hat? Meine Antwort war vielleicht nicht die, die sich mein Gegen\u00fcber erhoffte, denn Unternehmertum hat sich nicht wesentlich ver\u00e4ndert. Es befasst sich nach wie vor damit,  eine Marktnachfrage zu erkennen, Chancen zu pr\u00fcfen und durch Innovationskraft und Mut passende Produkte und Dienstleistungen hervorzubringen. Dass jemand aus \u00abProfitgier\u00bb Unternehmer wird, ist ein Trugschluss. Unternehmer setzen Kapital und Zeit  ein, um ein Unternehmen aufzubauen und weiterzuentwickeln. Sie scheuen sich nicht vor dem Wettbewerb mit anderen. Durch das pers\u00f6nliche Engagement sind sie am langfristigen Erfolg interessiert, nicht am kurzfristigen Gewinn.","_seopress_robots_index":"","footnotes":""},"categories":[22,18,21,44],"tags":[],"class_list":["post-2327","post","type-post","status-publish","format-standard","hentry","category-industrie-und-finanzkontor-c","category-vermoegensschutz-c","category-wealth-preservation","category-wirtschaft-politik"],"acf":[],"_links":{"self":[{"href":"https:\/\/www.iuf.li\/de\/wp-json\/wp\/v2\/posts\/2327","targetHints":{"allow":["GET"]}}],"collection":[{"href":"https:\/\/www.iuf.li\/de\/wp-json\/wp\/v2\/posts"}],"about":[{"href":"https:\/\/www.iuf.li\/de\/wp-json\/wp\/v2\/types\/post"}],"author":[{"embeddable":true,"href":"https:\/\/www.iuf.li\/de\/wp-json\/wp\/v2\/users\/4"}],"replies":[{"embeddable":true,"href":"https:\/\/www.iuf.li\/de\/wp-json\/wp\/v2\/comments?post=2327"}],"version-history":[{"count":0,"href":"https:\/\/www.iuf.li\/de\/wp-json\/wp\/v2\/posts\/2327\/revisions"}],"wp:attachment":[{"href":"https:\/\/www.iuf.li\/de\/wp-json\/wp\/v2\/media?parent=2327"}],"wp:term":[{"taxonomy":"category","embeddable":true,"href":"https:\/\/www.iuf.li\/de\/wp-json\/wp\/v2\/categories?post=2327"},{"taxonomy":"post_tag","embeddable":true,"href":"https:\/\/www.iuf.li\/de\/wp-json\/wp\/v2\/tags?post=2327"}],"curies":[{"name":"wp","href":"https:\/\/api.w.org\/{rel}","templated":true}]}}