{"id":3268,"date":"2024-02-19T20:00:00","date_gmt":"2024-02-19T20:00:00","guid":{"rendered":"https:\/\/www.iuf.li\/?p=3268"},"modified":"2024-02-22T09:11:59","modified_gmt":"2024-02-22T09:11:59","slug":"internationaler-vernon-smith-prize-in-vaduz-verliehen","status":"publish","type":"post","link":"https:\/\/www.iuf.li\/de\/publikationen\/internationaler-vernon-smith-prize-in-vaduz-verliehen\/","title":{"rendered":"Internationaler Vernon Smith Prize in Vaduz verliehen"},"content":{"rendered":"\n<p><strong>Der in Vaduz ans\u00e4ssige, liberale Think Tank European Center of Austrian Economics Foundation (<a href=\"http:\/\/www.ecaef.li\" target=\"_blank\" rel=\"noreferrer noopener\">ECAEF<\/a>) hat den sechzehnten Vernon Smith Prize nach Indien, Grossbritannien und S\u00fcdafrika verliehen.<\/strong><\/p>\n\n\n\n<p>Rund 75 Studierende aus der ganzen Welt haben sich am diesmaligen <strong>Essay-Wettbewerb<\/strong> beteiligt und sich mit der folgenden <strong>Fragestellung <\/strong>befasst: <\/p>\n\n\n\n<p class=\"has-text-align-center\"><strong>\u00abBewegen wir uns noch in einem Rechtsstaat (rule of law)<\/strong> <strong>oder werden wir vom Gesetz der Regeln (law of rules) beherrscht?\u00bb<\/strong><\/p>\n\n\n\n<p>Diese Fragestellung hat in den vergangenen Jahren verst\u00e4rkt an Bedeutung gewonnen. In einem Rechtsstaat sind die grundlegenden Rechte und Pflichten aller B\u00fcrger in einer Verfassung und in Gesetzen definiert. Im Sinne der Rechtsstaatlichkeit m\u00fcssen Regierung und Verwaltung eines Rechtsstaats im Rahmen der Verfassung und Gesetze handeln. Ein Rechtsstaat hat demnach gegen\u00fcber den B\u00fcrgern f\u00fcr Rechtsgleichheit, Rechtssicherheit und die Gew\u00e4hrleistung von Grundrechten zu sorgen. Nun l\u00e4sst sich seit Jahren jedoch eine immer st\u00e4rker zunehmende B\u00fcrokratisierung und \u00dcberregulierung beobachten. Wie wirkt sich dies auf die Prinzipien eines Rechtsstaats aus?<\/p>\n\n\n\n<p><strong><a href=\"https:\/\/www.derpragmaticus.com\/e\/schneider-henrique\" target=\"_blank\" rel=\"noreferrer noopener\">Prof. Dr. Henrique Schneider<\/a> <\/strong>ging auf die Fragestellung ein, indem er in seinem Einstiegsreferat \u00fcber die Rolle des Menschen in einem Rechtsstaat sprach und anschliessend die Preisverleihung moderierte. Drei Teilnehmer haben sich mit ihren eingereichten Essays qualifiziert und sind am 19. Februar 2024 in der F\u00fcrstlichen Hofkellerei in Vaduz von <a href=\"https:\/\/ecaef.org\/about-ecaef\/\" target=\"_blank\" rel=\"noreferrer noopener\"><strong>S.D. Prinz Philipp von und zu Liechtenstein (ECAEF-Stiftungsrat) und S.D. Prinz Michael von und zu Liechtenstein \u00a0(ECAEF-Pr\u00e4sident)<\/strong><\/a> ausgezeichnet und geehrt worden<\/p>\n\n\n\n<p>Die <strong>Gewinner des sechzehnten Vernon Smith Prize <\/strong>sind:<\/p>\n\n\n\n<ul class=\"wp-block-list\">\n<li><strong>Babatunde Onabjao<\/strong> (Grossbritannien) und <strong>Martin van Staden<\/strong> (S\u00fcdafrika) sind beide mit dem 1. Platz und einem Preisgeld von jeweils EUR 4'000 ausgezeichnet worden<\/li>\n<\/ul>\n\n\n\n<ul class=\"wp-block-list\">\n<li><strong>Vibhu Vikramaditya<\/strong> (Indien) ist mit dem 3. Platz und einem Preisgeld von EUR 2'000 gew\u00fcrdigt worden<\/li>\n<\/ul>\n\n\n\n<p><strong>ECAEF-Pr\u00e4sident S.D. Prinz Michael von und zu Liechtenstein f\u00fchrt aus: <\/strong>\u00abEin wichtiges Prinzip f\u00fcr Rechtsstaatlichkeit ist die Rechtsklarheit. Jedoch unterl\u00e4uft der in den vergangenen Jahren entstandene Dschungel an teils sogar widerspr\u00fcchlichen Vorschriften diese Rechtsklarheit und rechtsstaatliche Prinzipien. Und er verhindert eine notwendige Einschr\u00e4nkung des Staates. Daher erachten wir es als wichtig, diese Themen verst\u00e4rkt ins \u00f6ffentliche Bewusstsein zu bringen, was wir mit dem Vernon Smith Prize machen.\u00bb<\/p>\n\n\n\n<p>Der ECAEF-Stiftungsrat gratuliert den Preistr\u00e4gern herzlich und richtet seinen Dank auch an alle Teilnehmenden, die ihre Essays eingereicht haben. Weitere Informationen zum Vernon Smith Prize sind <a href=\"https:\/\/ecaef.org\/vernon-smith-prize-essay-competition\/16th-vernon-smith-essay-competition\/\" target=\"_blank\" rel=\"noreferrer noopener\">hier<\/a> abrufbar. Industrie- und Finanzkontor unterst\u00fctzt den Vernon Smith Prize als Sponsor und schliesst sich den Gratulationen an. <\/p>\n\n\n\n<p><strong>Foto @ <a href=\"http:\/\/www.nilsvollmar.li\" target=\"_blank\" rel=\"noreferrer noopener\">Nils Vollmar<\/a><\/strong><\/p>\n\n\n\n<p><strong>Bildlegende (v.l.n.r.): <\/strong>S.D. Prinz Michael von und zu Liechtenstein (ECAEF Pr\u00e4sident), Prof. Dr. Henrique Schneider (Referent), Vibhu Vikramaditya (Gewinner 3. Platz), Martin van Staden (Gewinner 1. Platz - Co-Platzierung), S.D. Prinz Philipp von und zu Liechtenstein (ECAEF-Stiftungsratsmitglied) - auf dem Bild fehlt Babatunde Onabajo (Gewinner 1. Platz - Co-Platzierung)<\/p>\n","protected":false},"excerpt":{"rendered":"<p>Der in Vaduz ans\u00e4ssige, liberale Think Tank European Center of Austrian Economics Foundation (ECAEF) hat den sechzehnten Vernon Smith Prize nach Indien, Grossbritannien und S\u00fcdafrika verliehen. Rund 75 Studierende aus der ganzen Welt haben sich am diesmaligen Essay-Wettbewerb beteiligt und sich mit der folgenden Fragestellung befasst: \u00abBewegen wir uns noch in einem Rechtsstaat (rule of\u2026<\/p>\n","protected":false},"author":4,"featured_media":0,"comment_status":"closed","ping_status":"closed","sticky":false,"template":"","format":"standard","meta":{"_acf_changed":false,"_seopress_robots_primary_cat":"none","_seopress_titles_title":"Verleihung International Vernon Smith Prize in Vaduz ","_seopress_titles_desc":"Die Gewinner des 16. Vernon Smith Prize sind Babatunde Onabajo (GBR), Martin van Staden (ZAF) und Vibhu Vikramaditya (IND)","_seopress_robots_index":"","footnotes":""},"categories":[19,22,44],"tags":[158,157,156],"class_list":["post-3268","post","type-post","status-publish","format-standard","hentry","category-finanzplatz-liechtenstein-c","category-industrie-und-finanzkontor-c","category-wirtschaft-politik","tag-essaywettbewerb-liechtenstein","tag-european-center-of-austrian-economics-vaduz","tag-vernon-smitz-prize"],"acf":[],"_links":{"self":[{"href":"https:\/\/www.iuf.li\/de\/wp-json\/wp\/v2\/posts\/3268","targetHints":{"allow":["GET"]}}],"collection":[{"href":"https:\/\/www.iuf.li\/de\/wp-json\/wp\/v2\/posts"}],"about":[{"href":"https:\/\/www.iuf.li\/de\/wp-json\/wp\/v2\/types\/post"}],"author":[{"embeddable":true,"href":"https:\/\/www.iuf.li\/de\/wp-json\/wp\/v2\/users\/4"}],"replies":[{"embeddable":true,"href":"https:\/\/www.iuf.li\/de\/wp-json\/wp\/v2\/comments?post=3268"}],"version-history":[{"count":0,"href":"https:\/\/www.iuf.li\/de\/wp-json\/wp\/v2\/posts\/3268\/revisions"}],"wp:attachment":[{"href":"https:\/\/www.iuf.li\/de\/wp-json\/wp\/v2\/media?parent=3268"}],"wp:term":[{"taxonomy":"category","embeddable":true,"href":"https:\/\/www.iuf.li\/de\/wp-json\/wp\/v2\/categories?post=3268"},{"taxonomy":"post_tag","embeddable":true,"href":"https:\/\/www.iuf.li\/de\/wp-json\/wp\/v2\/tags?post=3268"}],"curies":[{"name":"wp","href":"https:\/\/api.w.org\/{rel}","templated":true}]}}