{"id":3300,"date":"2024-03-08T09:37:01","date_gmt":"2024-03-08T09:37:01","guid":{"rendered":"https:\/\/www.iuf.li\/?p=3300"},"modified":"2024-03-08T10:04:57","modified_gmt":"2024-03-08T10:04:57","slug":"finanztagung-am-21-mai-in-vaduz","status":"publish","type":"post","link":"https:\/\/www.iuf.li\/de\/publikationen\/finanztagung-am-21-mai-in-vaduz\/","title":{"rendered":"Finanztagung in Vaduz am 21. Mai 2024"},"content":{"rendered":"\n<p>Am 21. Mai 2024 findet das zehnte <a href=\"https:\/\/finance-forum.li\/\" target=\"_blank\" rel=\"noreferrer noopener\">Finance Forum Liechtenstein<\/a> mit \u00fcberregionaler Ausstrahlung statt.<\/p>\n\n\n\n<p>Das Finance Forum Liechtenstein vernetzt hochkar\u00e4tige Entscheidungstr\u00e4ger der Finanzbranche aus dem gesamten deutschsprachigen Raum und bietet abwechslungsreiche Referate und Diskussionsrunden sowie informative Workshops. <\/p>\n\n\n\n<p><a href=\"https:\/\/www.iuf.li\/de\/industrie-und-finanzkontor\/team\/\" target=\"_blank\" rel=\"noreferrer noopener\">I.D. Gisela Bergmann, Prinzessin von und zu Liechtenstein,<\/a> wird gemeinsam mit der Steuerspezialistin <a href=\"https:\/\/ch.linkedin.com\/in\/martinawalt\" target=\"_blank\" rel=\"noreferrer noopener\">Martina Walt<\/a> und dem Verwaltungsratspr\u00e4sidenten der Bank Frick, <a href=\"https:\/\/www.linkedin.com\/in\/mario-frick-17213370\/\" target=\"_blank\" rel=\"noreferrer noopener\">Mario Frick<\/a>, \u00fcber die aktuellen Herausforderungen und zuk\u00fcnftige Entwicklungen am Finanzplatz Liechtenstein sprechen. <\/p>\n\n\n\n<p>Schauen Sie zu einem sp\u00e4teren Zeitpunkt wieder vorbei, wir halten Sie auf unserer Webseite auf dem Laufenden.<\/p>\n","protected":false},"excerpt":{"rendered":"<p>Am 21. Mai 2024 findet das zehnte Finance Forum Liechtenstein mit \u00fcberregionaler Ausstrahlung statt. Das Finance Forum Liechtenstein vernetzt hochkar\u00e4tige Entscheidungstr\u00e4ger der Finanzbranche aus dem gesamten deutschsprachigen Raum und bietet abwechslungsreiche Referate und Diskussionsrunden sowie informative Workshops. I.D. Gisela Bergmann, Prinzessin von und zu Liechtenstein, wird gemeinsam mit der Steuerspezialistin Martina Walt und dem Verwaltungsratspr\u00e4sidenten\u2026<\/p>\n","protected":false},"author":4,"featured_media":0,"comment_status":"closed","ping_status":"closed","sticky":false,"template":"","format":"standard","meta":{"_acf_changed":false,"_seopress_robots_primary_cat":"none","_seopress_titles_title":"Finance Forum Liechtenstein am 21. Mai 2024 in Vaduz","_seopress_titles_desc":"Das Finance Forum Liechtenstein vernetzt hochkar\u00e4tige Entscheidungstr\u00e4ger der Finanzbranche aus dem gesamten deutschsprachigen Raum und bietet abwechslungsreiche Referate und Diskussionsrunden sowie informative Workshops. ","_seopress_robots_index":"","footnotes":""},"categories":[19,22],"tags":[],"class_list":["post-3300","post","type-post","status-publish","format-standard","hentry","category-finanzplatz-liechtenstein-c","category-industrie-und-finanzkontor-c"],"acf":[],"_links":{"self":[{"href":"https:\/\/www.iuf.li\/de\/wp-json\/wp\/v2\/posts\/3300","targetHints":{"allow":["GET"]}}],"collection":[{"href":"https:\/\/www.iuf.li\/de\/wp-json\/wp\/v2\/posts"}],"about":[{"href":"https:\/\/www.iuf.li\/de\/wp-json\/wp\/v2\/types\/post"}],"author":[{"embeddable":true,"href":"https:\/\/www.iuf.li\/de\/wp-json\/wp\/v2\/users\/4"}],"replies":[{"embeddable":true,"href":"https:\/\/www.iuf.li\/de\/wp-json\/wp\/v2\/comments?post=3300"}],"version-history":[{"count":0,"href":"https:\/\/www.iuf.li\/de\/wp-json\/wp\/v2\/posts\/3300\/revisions"}],"wp:attachment":[{"href":"https:\/\/www.iuf.li\/de\/wp-json\/wp\/v2\/media?parent=3300"}],"wp:term":[{"taxonomy":"category","embeddable":true,"href":"https:\/\/www.iuf.li\/de\/wp-json\/wp\/v2\/categories?post=3300"},{"taxonomy":"post_tag","embeddable":true,"href":"https:\/\/www.iuf.li\/de\/wp-json\/wp\/v2\/tags?post=3300"}],"curies":[{"name":"wp","href":"https:\/\/api.w.org\/{rel}","templated":true}]}}