{"id":617,"date":"2012-05-01T13:30:00","date_gmt":"2012-05-01T13:30:00","guid":{"rendered":"https:\/\/www.iuf.li\/?p=617"},"modified":"2023-07-26T14:08:14","modified_gmt":"2023-07-26T14:08:14","slug":"if-news-mai-2012","status":"publish","type":"post","link":"https:\/\/www.iuf.li\/de\/publikationen\/if-news-mai-2012\/","title":{"rendered":"I&#038;F-News Mai 2012"},"content":{"rendered":"\n<p>In diesem Newsletter erhalten Sie einen tiefergehenden Einblick in das liechtensteinische Steuergesetz und erfahren auch, warum es richtig ist, sich \u00fcber Verm\u00f6gensschutz und Verm\u00f6genserhalt Gedanken zu machen.<\/p>\n","protected":false},"excerpt":{"rendered":"<p>In diesem Newsletter erhalten Sie einen tiefergehenden Einblick in das liechtensteinische Steuergesetz und erfahren auch, warum es richtig ist, sich \u00fcber Verm\u00f6gensschutz und Verm\u00f6genserhalt Gedanken zu machen.<\/p>\n","protected":false},"author":3,"featured_media":0,"comment_status":"closed","ping_status":"closed","sticky":false,"template":"","format":"standard","meta":{"_acf_changed":false,"_seopress_robots_primary_cat":"none","_seopress_titles_title":"","_seopress_titles_desc":"","_seopress_robots_index":"","footnotes":""},"categories":[19,22,18],"tags":[],"class_list":["post-617","post","type-post","status-publish","format-standard","hentry","category-finanzplatz-liechtenstein-c","category-industrie-und-finanzkontor-c","category-vermoegensschutz-c"],"acf":[],"_links":{"self":[{"href":"https:\/\/www.iuf.li\/de\/wp-json\/wp\/v2\/posts\/617","targetHints":{"allow":["GET"]}}],"collection":[{"href":"https:\/\/www.iuf.li\/de\/wp-json\/wp\/v2\/posts"}],"about":[{"href":"https:\/\/www.iuf.li\/de\/wp-json\/wp\/v2\/types\/post"}],"author":[{"embeddable":true,"href":"https:\/\/www.iuf.li\/de\/wp-json\/wp\/v2\/users\/3"}],"replies":[{"embeddable":true,"href":"https:\/\/www.iuf.li\/de\/wp-json\/wp\/v2\/comments?post=617"}],"version-history":[{"count":0,"href":"https:\/\/www.iuf.li\/de\/wp-json\/wp\/v2\/posts\/617\/revisions"}],"wp:attachment":[{"href":"https:\/\/www.iuf.li\/de\/wp-json\/wp\/v2\/media?parent=617"}],"wp:term":[{"taxonomy":"category","embeddable":true,"href":"https:\/\/www.iuf.li\/de\/wp-json\/wp\/v2\/categories?post=617"},{"taxonomy":"post_tag","embeddable":true,"href":"https:\/\/www.iuf.li\/de\/wp-json\/wp\/v2\/tags?post=617"}],"curies":[{"name":"wp","href":"https:\/\/api.w.org\/{rel}","templated":true}]}}