{"id":722,"date":"2016-08-01T15:24:00","date_gmt":"2016-08-01T15:24:00","guid":{"rendered":"https:\/\/www.iuf.li\/?p=722"},"modified":"2024-08-06T13:22:10","modified_gmt":"2024-08-06T13:22:10","slug":"exclusiv-staatsfeiertagsmagazin-august-2016","status":"publish","type":"post","link":"https:\/\/www.iuf.li\/de\/publikationen\/exclusiv-staatsfeiertagsmagazin-august-2016\/","title":{"rendered":"Exclusiv Staatsfeiertagsmagazin \/ August 2016"},"content":{"rendered":"\n<p>Ein exklusives Interview mit S.D. Prinz Michael von und zu Liechtenstein \u00fcber Geopolitik, Verm\u00f6genserhalt und Verm\u00f6genssicherung und die Frage, welchen Einfluss ein liberales Rechtsverst\u00e4ndnis auf die Verm\u00f6gensbetreuung und Verm\u00f6gensverwaltung hat. Das Interview ist erschienen im Staatsfeiertagsmagazin von&nbsp;<a rel=\"noreferrer noopener\" href=\"http:\/\/www.exclusiv.li\/\" target=\"_blank\">www.exclusiv.li<\/a><\/p>\n","protected":false},"excerpt":{"rendered":"<p>Ein exklusives Interview mit S.D. Prinz Michael von und zu Liechtenstein \u00fcber Geopolitik, Verm\u00f6genserhalt und Verm\u00f6genssicherung und die Frage, welchen Einfluss ein liberales Rechtsverst\u00e4ndnis auf die Verm\u00f6gensbetreuung und Verm\u00f6gensverwaltung hat. Das Interview ist erschienen im Staatsfeiertagsmagazin von&nbsp;www.exclusiv.li<\/p>\n","protected":false},"author":3,"featured_media":0,"comment_status":"closed","ping_status":"closed","sticky":false,"template":"","format":"standard","meta":{"_acf_changed":false,"_seopress_robots_primary_cat":"none","_seopress_titles_title":"","_seopress_titles_desc":"","_seopress_robots_index":"","footnotes":""},"categories":[19,22,26,21,44],"tags":[],"class_list":["post-722","post","type-post","status-publish","format-standard","hentry","category-finanzplatz-liechtenstein-c","category-industrie-und-finanzkontor-c","category-stiftung","category-wealth-preservation","category-wirtschaft-politik"],"acf":[],"_links":{"self":[{"href":"https:\/\/www.iuf.li\/de\/wp-json\/wp\/v2\/posts\/722","targetHints":{"allow":["GET"]}}],"collection":[{"href":"https:\/\/www.iuf.li\/de\/wp-json\/wp\/v2\/posts"}],"about":[{"href":"https:\/\/www.iuf.li\/de\/wp-json\/wp\/v2\/types\/post"}],"author":[{"embeddable":true,"href":"https:\/\/www.iuf.li\/de\/wp-json\/wp\/v2\/users\/3"}],"replies":[{"embeddable":true,"href":"https:\/\/www.iuf.li\/de\/wp-json\/wp\/v2\/comments?post=722"}],"version-history":[{"count":0,"href":"https:\/\/www.iuf.li\/de\/wp-json\/wp\/v2\/posts\/722\/revisions"}],"wp:attachment":[{"href":"https:\/\/www.iuf.li\/de\/wp-json\/wp\/v2\/media?parent=722"}],"wp:term":[{"taxonomy":"category","embeddable":true,"href":"https:\/\/www.iuf.li\/de\/wp-json\/wp\/v2\/categories?post=722"},{"taxonomy":"post_tag","embeddable":true,"href":"https:\/\/www.iuf.li\/de\/wp-json\/wp\/v2\/tags?post=722"}],"curies":[{"name":"wp","href":"https:\/\/api.w.org\/{rel}","templated":true}]}}