{"id":802,"date":"2019-04-01T12:43:00","date_gmt":"2019-04-01T12:43:00","guid":{"rendered":"https:\/\/www.iuf.li\/?p=802"},"modified":"2024-08-06T12:58:44","modified_gmt":"2024-08-06T12:58:44","slug":"wirtschaft-regional-april-2019","status":"publish","type":"post","link":"https:\/\/www.iuf.li\/de\/publikationen\/wirtschaft-regional-april-2019\/","title":{"rendered":"Wirtschaft Regional April 2019"},"content":{"rendered":"\n<p>Als Folge einer \u00dcberregulierung ist der Kostendruck auf europ\u00e4ische Finanzpl\u00e4tze in den vergangenen Jahren \u00fcberproportional stark angestiegen. Die Gefahr ist gross, dass mit der \u00dcberregulierung und der daraus resultierenden Komplexit\u00e4t und auch teilweisen Widerspr\u00fcchlichkeit die Innovations- und Wettbewerbsf\u00e4higkeit sowie Kundenorientierung immer st\u00e4rker eingeschr\u00e4nkt werden. Was das f\u00fcr den Finanzplatz Liechtenstein bedeutet, lesen Sie in diesem Beitrag, der in der liechtensteinischen Wochenzeitung&nbsp;<a rel=\"noreferrer noopener\" href=\"http:\/\/www.wirtschaftregional.li\/\" target=\"_blank\">www.wirtschaftregional.li<\/a>&nbsp;erschienen ist.<\/p>\n","protected":false},"excerpt":{"rendered":"<p>Als Folge einer \u00dcberregulierung ist der Kostendruck auf europ\u00e4ische Finanzpl\u00e4tze in den vergangenen Jahren \u00fcberproportional stark angestiegen. Die Gefahr ist gross, dass mit der \u00dcberregulierung und der daraus resultierenden Komplexit\u00e4t und auch teilweisen Widerspr\u00fcchlichkeit die Innovations- und Wettbewerbsf\u00e4higkeit sowie Kundenorientierung immer st\u00e4rker eingeschr\u00e4nkt werden. Was das f\u00fcr den Finanzplatz Liechtenstein bedeutet, lesen Sie in diesem\u2026<\/p>\n","protected":false},"author":3,"featured_media":0,"comment_status":"closed","ping_status":"closed","sticky":false,"template":"","format":"standard","meta":{"_acf_changed":false,"_seopress_robots_primary_cat":"none","_seopress_titles_title":"","_seopress_titles_desc":"","_seopress_robots_index":"","footnotes":""},"categories":[19,22,44],"tags":[],"class_list":["post-802","post","type-post","status-publish","format-standard","hentry","category-finanzplatz-liechtenstein-c","category-industrie-und-finanzkontor-c","category-wirtschaft-politik"],"acf":[],"_links":{"self":[{"href":"https:\/\/www.iuf.li\/de\/wp-json\/wp\/v2\/posts\/802","targetHints":{"allow":["GET"]}}],"collection":[{"href":"https:\/\/www.iuf.li\/de\/wp-json\/wp\/v2\/posts"}],"about":[{"href":"https:\/\/www.iuf.li\/de\/wp-json\/wp\/v2\/types\/post"}],"author":[{"embeddable":true,"href":"https:\/\/www.iuf.li\/de\/wp-json\/wp\/v2\/users\/3"}],"replies":[{"embeddable":true,"href":"https:\/\/www.iuf.li\/de\/wp-json\/wp\/v2\/comments?post=802"}],"version-history":[{"count":0,"href":"https:\/\/www.iuf.li\/de\/wp-json\/wp\/v2\/posts\/802\/revisions"}],"wp:attachment":[{"href":"https:\/\/www.iuf.li\/de\/wp-json\/wp\/v2\/media?parent=802"}],"wp:term":[{"taxonomy":"category","embeddable":true,"href":"https:\/\/www.iuf.li\/de\/wp-json\/wp\/v2\/categories?post=802"},{"taxonomy":"post_tag","embeddable":true,"href":"https:\/\/www.iuf.li\/de\/wp-json\/wp\/v2\/tags?post=802"}],"curies":[{"name":"wp","href":"https:\/\/api.w.org\/{rel}","templated":true}]}}